
{"id":3049,"date":"2017-03-15T11:59:16","date_gmt":"2017-03-15T10:59:16","guid":{"rendered":"http:\/\/studio.ican-design.fr\/?p=3049"},"modified":"2021-05-17T16:17:57","modified_gmt":"2021-05-17T14:17:57","slug":"ican-anim-jam-2017","status":"publish","type":"post","link":"https:\/\/studio.ican-design.fr\/ican-anim-jam-2017\/","title":{"rendered":"ICAN ANIM \/ Jam 2017"},"content":{"rendered":"<p>A l&#8217;initiative de Samuel Couffe, accompagn\u00e9 par Julie Bourg\u00e8s et Romain Garcia, &#8220;l&#8217;ICAN ANIM&#8221;, la premi\u00e8re Jam d&#8217;animation organis\u00e9e \u00e0 l&#8217;ICAN, a r\u00e9uni 26 valeureux \u00e9tudiants.<!--more--><\/p>\n<p>Du 23 au 25 f\u00e9vrier, en 50 heures cons\u00e9cutives, il s&#8217;agissait de r\u00e9aliser un film d&#8217;animation complet avec la seule contrainte d&#8217;utiliser\u00a0des sons impos\u00e9s et pr\u00e9par\u00e9s par Antoine Baconin, sound designer, co-organisateur, renfort artistique et formateur \u00e0 cette occasion.<\/p>\n<p>Les r\u00e9sultats ont d\u00e9pass\u00e9 les attentes des membres du petit jury organis\u00e9 au terme des deux jours de travail.<\/p>\n<p>Voici tout d&#8217;abord la vid\u00e9o de pr\u00e9sentation de l&#8217;\u00e9v\u00e9nement:<\/p>\n<p><iframe title=\"Teaser Ican Anim Jam\" width=\"660\" height=\"371\" src=\"https:\/\/www.youtube.com\/embed\/tMW5HRNhGvA?feature=oembed\" frameborder=\"0\" allow=\"accelerometer; autoplay; clipboard-write; encrypted-media; gyroscope; picture-in-picture\" allowfullscreen><\/iframe><\/p>\n<p>Puis les films pr\u00e9sent\u00e9s au jury, en commen\u00e7ant par <em>R\u00e9union<\/em>, r\u00e9alis\u00e9 par Richard Bresson, Dylan Mailfert, Cl\u00e9ment Rigaux et Alexandra Schimmich,\u00a0qui a \u00e9t\u00e9 prim\u00e9 par le jury :<\/p>\n<p><iframe title=\"Reunion\" width=\"660\" height=\"371\" src=\"https:\/\/www.youtube.com\/embed\/A4mT8-duF7I?feature=oembed\" frameborder=\"0\" allow=\"accelerometer; autoplay; clipboard-write; encrypted-media; gyroscope; picture-in-picture\" allowfullscreen><\/iframe><\/p>\n<p>Puis dans un ordre al\u00e9atoire:<\/p>\n<p><em>Le Prolyp\u00e9e<\/em> r\u00e9alis\u00e9 par Samuel Couffe:<\/p>\n<p><iframe title=\"Le Propyl\u00e9e\" width=\"660\" height=\"371\" src=\"https:\/\/www.youtube.com\/embed\/EIcJslQgT08?feature=oembed\" frameborder=\"0\" allow=\"accelerometer; autoplay; clipboard-write; encrypted-media; gyroscope; picture-in-picture\" allowfullscreen><\/iframe><\/p>\n<p><em>Horizon Down<\/em> r\u00e9alis\u00e9 par Marion Demoti\u00e9, Romain Garcia, Adrien Lemoine, Camille Schwartz et Romain Trolio:<\/p>\n<p><iframe title=\"Horizon Down\" width=\"660\" height=\"371\" src=\"https:\/\/www.youtube.com\/embed\/GaWHY17Bf6E?feature=oembed\" frameborder=\"0\" allow=\"accelerometer; autoplay; clipboard-write; encrypted-media; gyroscope; picture-in-picture\" allowfullscreen><\/iframe><\/p>\n<p><em>Lights<\/em> r\u00e9alis\u00e9 par Adama Fall, Eve Agnoly, Nilska Ponce Perez, Tania Trivic:<\/p>\n<p><iframe title=\"Lights\" width=\"660\" height=\"371\" src=\"https:\/\/www.youtube.com\/embed\/4i4icbRZD6Y?feature=oembed\" frameborder=\"0\" allow=\"accelerometer; autoplay; clipboard-write; encrypted-media; gyroscope; picture-in-picture\" allowfullscreen><\/iframe><\/p>\n<p><em>23h<\/em>, r\u00e9alis\u00e9 par C\u00e9dric Lam :<\/p>\n<p><iframe title=\"23h\" width=\"660\" height=\"371\" src=\"https:\/\/www.youtube.com\/embed\/GYI3EJN1Ifg?feature=oembed\" frameborder=\"0\" allow=\"accelerometer; autoplay; clipboard-write; encrypted-media; gyroscope; picture-in-picture\" allowfullscreen><\/iframe><\/p>\n<p><em>Deep<\/em>, r\u00e9alis\u00e9 par Julie Bourg\u00e8s, Vincent C\u00e9zar, Margot Chr\u00e9tien, Alexandre Palier:<\/p>\n<p><iframe title=\"Deep\" width=\"660\" height=\"371\" src=\"https:\/\/www.youtube.com\/embed\/WsJ9TR7CId0?feature=oembed\" frameborder=\"0\" allow=\"accelerometer; autoplay; clipboard-write; encrypted-media; gyroscope; picture-in-picture\" allowfullscreen><\/iframe><\/p>\n<p>&nbsp;<\/p>\n","protected":false},"excerpt":{"rendered":"<p>A l&#8217;initiative de Samuel Couffe, accompagn\u00e9 par Julie Bourg\u00e8s et Romain Garcia, &#8220;l&#8217;ICAN ANIM&#8221;, la premi\u00e8re Jam d&#8217;animation organis\u00e9e \u00e0 l&#8217;ICAN, a r\u00e9uni 26 valeureux \u00e9tudiants.<\/p>\n","protected":false},"author":12,"featured_media":3062,"comment_status":"open","ping_status":"open","sticky":false,"template":"","format":"standard","meta":{"footnotes":""},"categories":[3],"tags":[102,323],"acf":[],"yoast_head":"<!-- This site is optimized with the Yoast SEO plugin v21.5 - https:\/\/yoast.com\/wordpress\/plugins\/seo\/ -->\n<title>ICAN ANIM \/ Jam 2017 | Studio ICAN<\/title>\n<meta name=\"robots\" content=\"index, follow, max-snippet:-1, max-image-preview:large, max-video-preview:-1\" \/>\n<link rel=\"canonical\" href=\"https:\/\/studio.ican-design.fr\/ican-anim-jam-2017\/\" \/>\n<meta property=\"og:locale\" content=\"fr_FR\" \/>\n<meta property=\"og:type\" content=\"article\" \/>\n<meta property=\"og:title\" content=\"ICAN ANIM \/ Jam 2017 | Studio ICAN\" \/>\n<meta property=\"og:description\" content=\"A l&#8217;initiative de Samuel Couffe, accompagn\u00e9 par Julie Bourg\u00e8s et Romain Garcia, &#8220;l&#8217;ICAN ANIM&#8221;, la premi\u00e8re Jam d&#8217;animation organis\u00e9e \u00e0 l&#8217;ICAN, a r\u00e9uni 26 valeureux \u00e9tudiants.\" \/>\n<meta property=\"og:url\" content=\"https:\/\/studio.ican-design.fr\/ican-anim-jam-2017\/\" \/>\n<meta property=\"og:site_name\" content=\"Studio ICAN\" \/>\n<meta property=\"article:published_time\" content=\"2017-03-15T10:59:16+00:00\" \/>\n<meta property=\"article:modified_time\" content=\"2021-05-17T14:17:57+00:00\" \/>\n<meta property=\"og:image\" content=\"https:\/\/studio.ican-design.fr\/ecole-infographie\/sites\/3\/2017\/03\/image-titre-ican-anim.png\" \/>\n\t<meta property=\"og:image:width\" content=\"1199\" \/>\n\t<meta property=\"og:image:height\" content=\"741\" \/>\n\t<meta property=\"og:image:type\" content=\"image\/png\" \/>\n<meta name=\"author\" content=\"Nicolas\" \/>\n<meta name=\"twitter:card\" content=\"summary_large_image\" \/>\n<meta name=\"twitter:label1\" content=\"Written by\" \/>\n\t<meta name=\"twitter:data1\" content=\"Nicolas\" \/>\n\t<meta name=\"twitter:label2\" content=\"Est. reading time\" \/>\n\t<meta name=\"twitter:data2\" content=\"1 minute\" \/>\n<script type=\"application\/ld+json\" class=\"yoast-schema-graph\">{\"@context\":\"https:\/\/schema.org\",\"@graph\":[{\"@type\":\"WebPage\",\"@id\":\"https:\/\/studio.ican-design.fr\/ican-anim-jam-2017\/\",\"url\":\"https:\/\/studio.ican-design.fr\/ican-anim-jam-2017\/\",\"name\":\"ICAN ANIM \/ Jam 2017 | Studio ICAN\",\"isPartOf\":{\"@id\":\"https:\/\/studio.ican-design.fr\/#website\"},\"datePublished\":\"2017-03-15T10:59:16+00:00\",\"dateModified\":\"2021-05-17T14:17:57+00:00\",\"author\":{\"@id\":\"https:\/\/studio.ican-design.fr\/#\/schema\/person\/b63c638049bff9f34019dcb9fe843656\"},\"breadcrumb\":{\"@id\":\"https:\/\/studio.ican-design.fr\/ican-anim-jam-2017\/#breadcrumb\"},\"inLanguage\":\"fr-FR\",\"potentialAction\":[{\"@type\":\"ReadAction\",\"target\":[\"https:\/\/studio.ican-design.fr\/ican-anim-jam-2017\/\"]}]},{\"@type\":\"BreadcrumbList\",\"@id\":\"https:\/\/studio.ican-design.fr\/ican-anim-jam-2017\/#breadcrumb\",\"itemListElement\":[{\"@type\":\"ListItem\",\"position\":1,\"name\":\"Accueil\",\"item\":\"https:\/\/studio.ican-design.fr\/\"},{\"@type\":\"ListItem\",\"position\":2,\"name\":\"ICAN ANIM \/ Jam 2017\"}]},{\"@type\":\"WebSite\",\"@id\":\"https:\/\/studio.ican-design.fr\/#website\",\"url\":\"https:\/\/studio.ican-design.fr\/\",\"name\":\"Studio ICAN\",\"description\":\"D\u00e9couvrez les projets des \u00e9tudiants de l&#039;ICAN  : cr\u00e9ation num\u00e9rique, animation, game design, web design, cr\u00e9ation web, motion design\",\"potentialAction\":[{\"@type\":\"SearchAction\",\"target\":{\"@type\":\"EntryPoint\",\"urlTemplate\":\"https:\/\/studio.ican-design.fr\/?s={search_term_string}\"},\"query-input\":\"required name=search_term_string\"}],\"inLanguage\":\"fr-FR\"},{\"@type\":\"Person\",\"@id\":\"https:\/\/studio.ican-design.fr\/#\/schema\/person\/b63c638049bff9f34019dcb9fe843656\",\"name\":\"Nicolas\",\"image\":{\"@type\":\"ImageObject\",\"inLanguage\":\"fr-FR\",\"@id\":\"https:\/\/studio.ican-design.fr\/#\/schema\/person\/image\/\",\"url\":\"https:\/\/secure.gravatar.com\/avatar\/ea0eb9183cdc62d47d12e7d4e5ec4a7f?s=96&d=mm&r=g\",\"contentUrl\":\"https:\/\/secure.gravatar.com\/avatar\/ea0eb9183cdc62d47d12e7d4e5ec4a7f?s=96&d=mm&r=g\",\"caption\":\"Nicolas\"},\"sameAs\":[\"https:\/\/www.behance.net\/nicolasgervais\"],\"url\":\"https:\/\/studio.ican-design.fr\/author\/cd4vf9u296\/\"}]}<\/script>\n<!-- \/ Yoast SEO plugin. -->","yoast_head_json":{"title":"ICAN ANIM \/ Jam 2017 | Studio ICAN","robots":{"index":"index","follow":"follow","max-snippet":"max-snippet:-1","max-image-preview":"max-image-preview:large","max-video-preview":"max-video-preview:-1"},"canonical":"https:\/\/studio.ican-design.fr\/ican-anim-jam-2017\/","og_locale":"fr_FR","og_type":"article","og_title":"ICAN ANIM \/ Jam 2017 | Studio ICAN","og_description":"A l&#8217;initiative de Samuel Couffe, accompagn\u00e9 par Julie Bourg\u00e8s et Romain Garcia, &#8220;l&#8217;ICAN ANIM&#8221;, la premi\u00e8re Jam d&#8217;animation organis\u00e9e \u00e0 l&#8217;ICAN, a r\u00e9uni 26 valeureux \u00e9tudiants.","og_url":"https:\/\/studio.ican-design.fr\/ican-anim-jam-2017\/","og_site_name":"Studio ICAN","article_published_time":"2017-03-15T10:59:16+00:00","article_modified_time":"2021-05-17T14:17:57+00:00","og_image":[{"width":1199,"height":741,"url":"https:\/\/studio.ican-design.fr\/ecole-infographie\/sites\/3\/2017\/03\/image-titre-ican-anim.png","type":"image\/png"}],"author":"Nicolas","twitter_card":"summary_large_image","twitter_misc":{"Written by":"Nicolas","Est. reading time":"1 minute"},"schema":{"@context":"https:\/\/schema.org","@graph":[{"@type":"WebPage","@id":"https:\/\/studio.ican-design.fr\/ican-anim-jam-2017\/","url":"https:\/\/studio.ican-design.fr\/ican-anim-jam-2017\/","name":"ICAN ANIM \/ Jam 2017 | Studio ICAN","isPartOf":{"@id":"https:\/\/studio.ican-design.fr\/#website"},"datePublished":"2017-03-15T10:59:16+00:00","dateModified":"2021-05-17T14:17:57+00:00","author":{"@id":"https:\/\/studio.ican-design.fr\/#\/schema\/person\/b63c638049bff9f34019dcb9fe843656"},"breadcrumb":{"@id":"https:\/\/studio.ican-design.fr\/ican-anim-jam-2017\/#breadcrumb"},"inLanguage":"fr-FR","potentialAction":[{"@type":"ReadAction","target":["https:\/\/studio.ican-design.fr\/ican-anim-jam-2017\/"]}]},{"@type":"BreadcrumbList","@id":"https:\/\/studio.ican-design.fr\/ican-anim-jam-2017\/#breadcrumb","itemListElement":[{"@type":"ListItem","position":1,"name":"Accueil","item":"https:\/\/studio.ican-design.fr\/"},{"@type":"ListItem","position":2,"name":"ICAN ANIM \/ Jam 2017"}]},{"@type":"WebSite","@id":"https:\/\/studio.ican-design.fr\/#website","url":"https:\/\/studio.ican-design.fr\/","name":"Studio ICAN","description":"D\u00e9couvrez les projets des \u00e9tudiants de l&#039;ICAN  : cr\u00e9ation num\u00e9rique, animation, game design, web design, cr\u00e9ation web, motion design","potentialAction":[{"@type":"SearchAction","target":{"@type":"EntryPoint","urlTemplate":"https:\/\/studio.ican-design.fr\/?s={search_term_string}"},"query-input":"required name=search_term_string"}],"inLanguage":"fr-FR"},{"@type":"Person","@id":"https:\/\/studio.ican-design.fr\/#\/schema\/person\/b63c638049bff9f34019dcb9fe843656","name":"Nicolas","image":{"@type":"ImageObject","inLanguage":"fr-FR","@id":"https:\/\/studio.ican-design.fr\/#\/schema\/person\/image\/","url":"https:\/\/secure.gravatar.com\/avatar\/ea0eb9183cdc62d47d12e7d4e5ec4a7f?s=96&d=mm&r=g","contentUrl":"https:\/\/secure.gravatar.com\/avatar\/ea0eb9183cdc62d47d12e7d4e5ec4a7f?s=96&d=mm&r=g","caption":"Nicolas"},"sameAs":["https:\/\/www.behance.net\/nicolasgervais"],"url":"https:\/\/studio.ican-design.fr\/author\/cd4vf9u296\/"}]}},"_links":{"self":[{"href":"https:\/\/studio.ican-design.fr\/wp-json\/wp\/v2\/posts\/3049"}],"collection":[{"href":"https:\/\/studio.ican-design.fr\/wp-json\/wp\/v2\/posts"}],"about":[{"href":"https:\/\/studio.ican-design.fr\/wp-json\/wp\/v2\/types\/post"}],"author":[{"embeddable":true,"href":"https:\/\/studio.ican-design.fr\/wp-json\/wp\/v2\/users\/12"}],"replies":[{"embeddable":true,"href":"https:\/\/studio.ican-design.fr\/wp-json\/wp\/v2\/comments?post=3049"}],"version-history":[{"count":5,"href":"https:\/\/studio.ican-design.fr\/wp-json\/wp\/v2\/posts\/3049\/revisions"}],"predecessor-version":[{"id":3072,"href":"https:\/\/studio.ican-design.fr\/wp-json\/wp\/v2\/posts\/3049\/revisions\/3072"}],"wp:featuredmedia":[{"embeddable":true,"href":"https:\/\/studio.ican-design.fr\/wp-json\/wp\/v2\/media\/3062"}],"wp:attachment":[{"href":"https:\/\/studio.ican-design.fr\/wp-json\/wp\/v2\/media?parent=3049"}],"wp:term":[{"taxonomy":"category","embeddable":true,"href":"https:\/\/studio.ican-design.fr\/wp-json\/wp\/v2\/categories?post=3049"},{"taxonomy":"post_tag","embeddable":true,"href":"https:\/\/studio.ican-design.fr\/wp-json\/wp\/v2\/tags?post=3049"}],"curies":[{"name":"wp","href":"https:\/\/api.w.org\/{rel}","templated":true}]}}